{"id":4907,"date":"2017-08-31T14:16:15","date_gmt":"2017-08-31T13:16:15","guid":{"rendered":"https:\/\/kinderopvanglittlepeople.nl\/?p=4907"},"modified":"2022-09-26T14:01:01","modified_gmt":"2022-09-26T13:01:01","slug":"familiedag","status":"publish","type":"post","link":"https:\/\/www.kinderopvanglittlepeople.nl\/pl\/familiedag\/","title":{"rendered":"Dzie\u0144 Rodziny"},"content":{"rendered":"<p style=\"text-align: left;\">W sobot\u0119, 16 wrze\u015bnia, mieli\u015bmy nasz pierwszy rodzinny dzie\u0144 z Little People!<\/p>\n<p style=\"text-align: left;\">To by\u0142 bardzo udany i przyjemny dzie\u0144! Dzieci \u015bwietnie si\u0119 bawi\u0142y na dmuchanym zamku, mia\u0142y pomalowane twarze, a rodzice r\u00f3wnie\u017c \u015bwietnie si\u0119 bawili i mogli porozmawia\u0107 z innymi rodzicami.<\/p>\n<p style=\"text-align: left;\">S\u0142o\u0144ce ca\u0142kowicie wynagrodzi\u0142o ten dzie\u0144!<\/p>\n<p style=\"text-align: left;\">Chcieliby\u015bmy podzi\u0119kowa\u0107 wszystkim dzieciom, rodzicom i kolegom za uczynienie tego dnia tak udanym! \u015awietnie si\u0119 bawili\u015bmy!<\/p>\n<p style=\"text-align: left;\">Przechodzimy do kolejnej edycji dnia rodzinnego!<\/p>","protected":false},"excerpt":{"rendered":"<p>Zaterdag 16 september hebben wij onze eerste familiedag gehad vanuit Kinderopvang Little People! Het was een zeer geslaagde en gezellige dag! De kinderen hebben heerlijk gespeeld op het springkussen, hebben zich laten schminken en ook de ouders hebben zich prima vermaakt en konden op deze manier eens goed met andere ouders bijkletsen. Het zonnetje maakte&hellip;<\/p>","protected":false},"author":62,"featured_media":5043,"comment_status":"closed","ping_status":"closed","sticky":false,"template":"","format":"standard","meta":{"footnotes":""},"categories":[125],"tags":[],"class_list":["post-4907","post","type-post","status-publish","format-standard","has-post-thumbnail","hentry","category-nieuws"],"yoast_head":"<!-- This site is optimized with the Yoast SEO plugin v27.5 - https:\/\/yoast.com\/product\/yoast-seo-wordpress\/ -->\n<title>Familiedag - Kinderopvang Little People<\/title>\n<meta name=\"robots\" content=\"index, follow, max-snippet:-1, max-image-preview:large, max-video-preview:-1\" \/>\n<link rel=\"canonical\" href=\"https:\/\/www.kinderopvanglittlepeople.nl\/pl\/familiedag\/\" \/>\n<meta property=\"og:locale\" content=\"pl_PL\" \/>\n<meta property=\"og:type\" content=\"article\" \/>\n<meta property=\"og:title\" content=\"Familiedag - Kinderopvang Little People\" \/>\n<meta property=\"og:description\" content=\"Zaterdag 16 september hebben wij onze eerste familiedag gehad vanuit Kinderopvang Little People! Het was een zeer geslaagde en gezellige dag! De kinderen hebben heerlijk gespeeld op het springkussen, hebben zich laten schminken en ook de ouders hebben zich prima vermaakt en konden op deze manier eens goed met andere ouders bijkletsen. Het zonnetje maakte&hellip;\" \/>\n<meta property=\"og:url\" content=\"https:\/\/www.kinderopvanglittlepeople.nl\/pl\/familiedag\/\" \/>\n<meta property=\"og:site_name\" content=\"Kinderopvang Little People\" \/>\n<meta property=\"article:publisher\" content=\"https:\/\/www.facebook.com\/KinderopvangLittlePeople\" \/>\n<meta property=\"article:author\" content=\"https:\/\/www.facebook.com\/KinderopvangLittlePeople\/\" \/>\n<meta property=\"article:published_time\" content=\"2017-08-31T13:16:15+00:00\" \/>\n<meta property=\"article:modified_time\" content=\"2022-09-26T13:01:01+00:00\" \/>\n<meta property=\"og:image\" content=\"https:\/\/www.kinderopvanglittlepeople.nl\/wp-content\/uploads\/2017\/09\/img_9556.jpg\" \/>\n\t<meta property=\"og:image:width\" content=\"800\" \/>\n\t<meta property=\"og:image:height\" content=\"533\" \/>\n\t<meta property=\"og:image:type\" content=\"image\/jpeg\" \/>\n<meta name=\"author\" content=\"Administrator Administrator\" \/>\n<meta name=\"twitter:label1\" content=\"Napisane przez\" \/>\n\t<meta name=\"twitter:data1\" content=\"Administrator Administrator\" \/>\n<script type=\"application\/ld+json\" class=\"yoast-schema-graph\">{\"@context\":\"https:\\\/\\\/schema.org\",\"@graph\":[{\"@type\":\"Article\",\"@id\":\"https:\\\/\\\/www.kinderopvanglittlepeople.nl\\\/familiedag\\\/#article\",\"isPartOf\":{\"@id\":\"https:\\\/\\\/www.kinderopvanglittlepeople.nl\\\/familiedag\\\/\"},\"author\":{\"name\":\"Administrator Administrator\",\"@id\":\"https:\\\/\\\/www.kinderopvanglittlepeople.nl\\\/#\\\/schema\\\/person\\\/64f1cbfc6d608098f5c51951b5995ee7\"},\"headline\":\"Familiedag\",\"datePublished\":\"2017-08-31T13:16:15+00:00\",\"dateModified\":\"2022-09-26T13:01:01+00:00\",\"mainEntityOfPage\":{\"@id\":\"https:\\\/\\\/www.kinderopvanglittlepeople.nl\\\/familiedag\\\/\"},\"wordCount\":92,\"publisher\":{\"@id\":\"https:\\\/\\\/www.kinderopvanglittlepeople.nl\\\/#organization\"},\"image\":{\"@id\":\"https:\\\/\\\/www.kinderopvanglittlepeople.nl\\\/familiedag\\\/#primaryimage\"},\"thumbnailUrl\":\"https:\\\/\\\/www.kinderopvanglittlepeople.nl\\\/wp-content\\\/uploads\\\/2017\\\/09\\\/img_9556.jpg\",\"articleSection\":[\"Nieuws\"],\"inLanguage\":\"pl-PL\"},{\"@type\":\"WebPage\",\"@id\":\"https:\\\/\\\/www.kinderopvanglittlepeople.nl\\\/familiedag\\\/\",\"url\":\"https:\\\/\\\/www.kinderopvanglittlepeople.nl\\\/familiedag\\\/\",\"name\":\"Familiedag - Kinderopvang Little People\",\"isPartOf\":{\"@id\":\"https:\\\/\\\/www.kinderopvanglittlepeople.nl\\\/#website\"},\"primaryImageOfPage\":{\"@id\":\"https:\\\/\\\/www.kinderopvanglittlepeople.nl\\\/familiedag\\\/#primaryimage\"},\"image\":{\"@id\":\"https:\\\/\\\/www.kinderopvanglittlepeople.nl\\\/familiedag\\\/#primaryimage\"},\"thumbnailUrl\":\"https:\\\/\\\/www.kinderopvanglittlepeople.nl\\\/wp-content\\\/uploads\\\/2017\\\/09\\\/img_9556.jpg\",\"datePublished\":\"2017-08-31T13:16:15+00:00\",\"dateModified\":\"2022-09-26T13:01:01+00:00\",\"breadcrumb\":{\"@id\":\"https:\\\/\\\/www.kinderopvanglittlepeople.nl\\\/familiedag\\\/#breadcrumb\"},\"inLanguage\":\"pl-PL\",\"potentialAction\":[{\"@type\":\"ReadAction\",\"target\":[\"https:\\\/\\\/www.kinderopvanglittlepeople.nl\\\/familiedag\\\/\"]}]},{\"@type\":\"ImageObject\",\"inLanguage\":\"pl-PL\",\"@id\":\"https:\\\/\\\/www.kinderopvanglittlepeople.nl\\\/familiedag\\\/#primaryimage\",\"url\":\"https:\\\/\\\/www.kinderopvanglittlepeople.nl\\\/wp-content\\\/uploads\\\/2017\\\/09\\\/img_9556.jpg\",\"contentUrl\":\"https:\\\/\\\/www.kinderopvanglittlepeople.nl\\\/wp-content\\\/uploads\\\/2017\\\/09\\\/img_9556.jpg\",\"width\":800,\"height\":533},{\"@type\":\"BreadcrumbList\",\"@id\":\"https:\\\/\\\/www.kinderopvanglittlepeople.nl\\\/familiedag\\\/#breadcrumb\",\"itemListElement\":[{\"@type\":\"ListItem\",\"position\":1,\"name\":\"Home\",\"item\":\"https:\\\/\\\/www.kinderopvanglittlepeople.nl\\\/\"},{\"@type\":\"ListItem\",\"position\":2,\"name\":\"Familiedag\"}]},{\"@type\":\"WebSite\",\"@id\":\"https:\\\/\\\/www.kinderopvanglittlepeople.nl\\\/#website\",\"url\":\"https:\\\/\\\/www.kinderopvanglittlepeople.nl\\\/\",\"name\":\"Kinderopvang Little People\",\"description\":\"Een huiselijke sfeer, kleinschalig en v\u00e9\u00e9l persoonlijke aandacht voor ieder kind.\",\"publisher\":{\"@id\":\"https:\\\/\\\/www.kinderopvanglittlepeople.nl\\\/#organization\"},\"alternateName\":\"Een huiselijke sfeer, kleinschalig en v\u00e9\u00e9l persoonlijke aandacht voor ieder kind.\",\"potentialAction\":[{\"@type\":\"SearchAction\",\"target\":{\"@type\":\"EntryPoint\",\"urlTemplate\":\"https:\\\/\\\/www.kinderopvanglittlepeople.nl\\\/?s={search_term_string}\"},\"query-input\":{\"@type\":\"PropertyValueSpecification\",\"valueRequired\":true,\"valueName\":\"search_term_string\"}}],\"inLanguage\":\"pl-PL\"},{\"@type\":\"Organization\",\"@id\":\"https:\\\/\\\/www.kinderopvanglittlepeople.nl\\\/#organization\",\"name\":\"Kinderopvang Little People\",\"alternateName\":\"Een huiselijke sfeer, kleinschalig en v\u00e9\u00e9l persoonlijke aandacht voor ieder kind.\",\"url\":\"https:\\\/\\\/www.kinderopvanglittlepeople.nl\\\/\",\"logo\":{\"@type\":\"ImageObject\",\"inLanguage\":\"pl-PL\",\"@id\":\"https:\\\/\\\/www.kinderopvanglittlepeople.nl\\\/#\\\/schema\\\/logo\\\/image\\\/\",\"url\":\"https:\\\/\\\/www.kinderopvanglittlepeople.nl\\\/wp-content\\\/uploads\\\/logo-klp.svg\",\"contentUrl\":\"https:\\\/\\\/www.kinderopvanglittlepeople.nl\\\/wp-content\\\/uploads\\\/logo-klp.svg\",\"width\":1,\"height\":1,\"caption\":\"Kinderopvang Little People\"},\"image\":{\"@id\":\"https:\\\/\\\/www.kinderopvanglittlepeople.nl\\\/#\\\/schema\\\/logo\\\/image\\\/\"},\"sameAs\":[\"https:\\\/\\\/www.facebook.com\\\/KinderopvangLittlePeople\"]},{\"@type\":\"Person\",\"@id\":\"https:\\\/\\\/www.kinderopvanglittlepeople.nl\\\/#\\\/schema\\\/person\\\/64f1cbfc6d608098f5c51951b5995ee7\",\"name\":\"Administrator Administrator\",\"sameAs\":[\"https:\\\/\\\/kinderopvanglittlepeople.nl\",\"https:\\\/\\\/www.facebook.com\\\/KinderopvangLittlePeople\\\/\"]}]}<\/script>\n<!-- \/ Yoast SEO plugin. -->","yoast_head_json":{"title":"Familiedag - Kinderopvang Little People","robots":{"index":"index","follow":"follow","max-snippet":"max-snippet:-1","max-image-preview":"max-image-preview:large","max-video-preview":"max-video-preview:-1"},"canonical":"https:\/\/www.kinderopvanglittlepeople.nl\/pl\/familiedag\/","og_locale":"pl_PL","og_type":"article","og_title":"Familiedag - Kinderopvang Little People","og_description":"Zaterdag 16 september hebben wij onze eerste familiedag gehad vanuit Kinderopvang Little People! Het was een zeer geslaagde en gezellige dag! De kinderen hebben heerlijk gespeeld op het springkussen, hebben zich laten schminken en ook de ouders hebben zich prima vermaakt en konden op deze manier eens goed met andere ouders bijkletsen. Het zonnetje maakte&hellip;","og_url":"https:\/\/www.kinderopvanglittlepeople.nl\/pl\/familiedag\/","og_site_name":"Kinderopvang Little People","article_publisher":"https:\/\/www.facebook.com\/KinderopvangLittlePeople","article_author":"https:\/\/www.facebook.com\/KinderopvangLittlePeople\/","article_published_time":"2017-08-31T13:16:15+00:00","article_modified_time":"2022-09-26T13:01:01+00:00","og_image":[{"width":800,"height":533,"url":"https:\/\/www.kinderopvanglittlepeople.nl\/wp-content\/uploads\/2017\/09\/img_9556.jpg","type":"image\/jpeg"}],"author":"Administrator Administrator","twitter_misc":{"Napisane przez":"Administrator Administrator"},"schema":{"@context":"https:\/\/schema.org","@graph":[{"@type":"Article","@id":"https:\/\/www.kinderopvanglittlepeople.nl\/familiedag\/#article","isPartOf":{"@id":"https:\/\/www.kinderopvanglittlepeople.nl\/familiedag\/"},"author":{"name":"Administrator Administrator","@id":"https:\/\/www.kinderopvanglittlepeople.nl\/#\/schema\/person\/64f1cbfc6d608098f5c51951b5995ee7"},"headline":"Familiedag","datePublished":"2017-08-31T13:16:15+00:00","dateModified":"2022-09-26T13:01:01+00:00","mainEntityOfPage":{"@id":"https:\/\/www.kinderopvanglittlepeople.nl\/familiedag\/"},"wordCount":92,"publisher":{"@id":"https:\/\/www.kinderopvanglittlepeople.nl\/#organization"},"image":{"@id":"https:\/\/www.kinderopvanglittlepeople.nl\/familiedag\/#primaryimage"},"thumbnailUrl":"https:\/\/www.kinderopvanglittlepeople.nl\/wp-content\/uploads\/2017\/09\/img_9556.jpg","articleSection":["Nieuws"],"inLanguage":"pl-PL"},{"@type":"WebPage","@id":"https:\/\/www.kinderopvanglittlepeople.nl\/familiedag\/","url":"https:\/\/www.kinderopvanglittlepeople.nl\/familiedag\/","name":"Familiedag - Kinderopvang Little People","isPartOf":{"@id":"https:\/\/www.kinderopvanglittlepeople.nl\/#website"},"primaryImageOfPage":{"@id":"https:\/\/www.kinderopvanglittlepeople.nl\/familiedag\/#primaryimage"},"image":{"@id":"https:\/\/www.kinderopvanglittlepeople.nl\/familiedag\/#primaryimage"},"thumbnailUrl":"https:\/\/www.kinderopvanglittlepeople.nl\/wp-content\/uploads\/2017\/09\/img_9556.jpg","datePublished":"2017-08-31T13:16:15+00:00","dateModified":"2022-09-26T13:01:01+00:00","breadcrumb":{"@id":"https:\/\/www.kinderopvanglittlepeople.nl\/familiedag\/#breadcrumb"},"inLanguage":"pl-PL","potentialAction":[{"@type":"ReadAction","target":["https:\/\/www.kinderopvanglittlepeople.nl\/familiedag\/"]}]},{"@type":"ImageObject","inLanguage":"pl-PL","@id":"https:\/\/www.kinderopvanglittlepeople.nl\/familiedag\/#primaryimage","url":"https:\/\/www.kinderopvanglittlepeople.nl\/wp-content\/uploads\/2017\/09\/img_9556.jpg","contentUrl":"https:\/\/www.kinderopvanglittlepeople.nl\/wp-content\/uploads\/2017\/09\/img_9556.jpg","width":800,"height":533},{"@type":"BreadcrumbList","@id":"https:\/\/www.kinderopvanglittlepeople.nl\/familiedag\/#breadcrumb","itemListElement":[{"@type":"ListItem","position":1,"name":"Home","item":"https:\/\/www.kinderopvanglittlepeople.nl\/"},{"@type":"ListItem","position":2,"name":"Familiedag"}]},{"@type":"WebSite","@id":"https:\/\/www.kinderopvanglittlepeople.nl\/#website","url":"https:\/\/www.kinderopvanglittlepeople.nl\/","name":"Opieka nad dzie\u0107mi Little People","description":"Domowa atmosfera, ma\u0142a skala i du\u017co osobistej uwagi dla ka\u017cdego dziecka.","publisher":{"@id":"https:\/\/www.kinderopvanglittlepeople.nl\/#organization"},"alternateName":"Een huiselijke sfeer, kleinschalig en v\u00e9\u00e9l persoonlijke aandacht voor ieder kind.","potentialAction":[{"@type":"SearchAction","target":{"@type":"EntryPoint","urlTemplate":"https:\/\/www.kinderopvanglittlepeople.nl\/?s={search_term_string}"},"query-input":{"@type":"PropertyValueSpecification","valueRequired":true,"valueName":"search_term_string"}}],"inLanguage":"pl-PL"},{"@type":"Organization","@id":"https:\/\/www.kinderopvanglittlepeople.nl\/#organization","name":"Opieka nad dzie\u0107mi Little People","alternateName":"Een huiselijke sfeer, kleinschalig en v\u00e9\u00e9l persoonlijke aandacht voor ieder kind.","url":"https:\/\/www.kinderopvanglittlepeople.nl\/","logo":{"@type":"ImageObject","inLanguage":"pl-PL","@id":"https:\/\/www.kinderopvanglittlepeople.nl\/#\/schema\/logo\/image\/","url":"https:\/\/www.kinderopvanglittlepeople.nl\/wp-content\/uploads\/logo-klp.svg","contentUrl":"https:\/\/www.kinderopvanglittlepeople.nl\/wp-content\/uploads\/logo-klp.svg","width":1,"height":1,"caption":"Kinderopvang Little People"},"image":{"@id":"https:\/\/www.kinderopvanglittlepeople.nl\/#\/schema\/logo\/image\/"},"sameAs":["https:\/\/www.facebook.com\/KinderopvangLittlePeople"]},{"@type":"Person","@id":"https:\/\/www.kinderopvanglittlepeople.nl\/#\/schema\/person\/64f1cbfc6d608098f5c51951b5995ee7","name":"Administrator Administrator","sameAs":["https:\/\/kinderopvanglittlepeople.nl","https:\/\/www.facebook.com\/KinderopvangLittlePeople\/"]}]}},"_links":{"self":[{"href":"https:\/\/www.kinderopvanglittlepeople.nl\/pl\/wp-json\/wp\/v2\/posts\/4907","targetHints":{"allow":["GET"]}}],"collection":[{"href":"https:\/\/www.kinderopvanglittlepeople.nl\/pl\/wp-json\/wp\/v2\/posts"}],"about":[{"href":"https:\/\/www.kinderopvanglittlepeople.nl\/pl\/wp-json\/wp\/v2\/types\/post"}],"author":[{"embeddable":true,"href":"https:\/\/www.kinderopvanglittlepeople.nl\/pl\/wp-json\/wp\/v2\/users\/62"}],"replies":[{"embeddable":true,"href":"https:\/\/www.kinderopvanglittlepeople.nl\/pl\/wp-json\/wp\/v2\/comments?post=4907"}],"version-history":[{"count":0,"href":"https:\/\/www.kinderopvanglittlepeople.nl\/pl\/wp-json\/wp\/v2\/posts\/4907\/revisions"}],"wp:featuredmedia":[{"embeddable":true,"href":"https:\/\/www.kinderopvanglittlepeople.nl\/pl\/wp-json\/wp\/v2\/media\/5043"}],"wp:attachment":[{"href":"https:\/\/www.kinderopvanglittlepeople.nl\/pl\/wp-json\/wp\/v2\/media?parent=4907"}],"wp:term":[{"taxonomy":"category","embeddable":true,"href":"https:\/\/www.kinderopvanglittlepeople.nl\/pl\/wp-json\/wp\/v2\/categories?post=4907"},{"taxonomy":"post_tag","embeddable":true,"href":"https:\/\/www.kinderopvanglittlepeople.nl\/pl\/wp-json\/wp\/v2\/tags?post=4907"}],"curies":[{"name":"wp","href":"https:\/\/api.w.org\/{rel}","templated":true}]}}