{"id":11306,"date":"2022-01-25T13:33:09","date_gmt":"2022-01-25T12:33:09","guid":{"rendered":"https:\/\/kinderopvanglittlepeople.nl\/?p=11306"},"modified":"2022-09-26T13:12:37","modified_gmt":"2022-09-26T12:12:37","slug":"tessa-puk-ik-wil-bij-jou-zijn","status":"publish","type":"post","link":"https:\/\/www.kinderopvanglittlepeople.nl\/pl\/tessa-puk-ik-wil-bij-jou-zijn\/","title":{"rendered":"Tessa &amp; Puk - Chc\u0119 by\u0107 z tob\u0105"},"content":{"rendered":"<p>Puk t\u0119skni za przyjaci\u00f3\u0142mi, z kt\u00f3rymi m\u00f3g\u0142by si\u0119 bawi\u0107. W przedszkolu jest teraz bardzo cicho, ale on du\u017co o was my\u015bli. S\u0142uchasz jego piosenki?<\/p>\r\n\r\n\r\n\r\n<blockquote class=\"wp-block-quote is-layout-flow wp-block-quote-is-layout-flow\">\r\n<p><em>Odk\u0105d si\u0119gam pami\u0119ci\u0105<\/em><br \/><em>Czy ju\u017c bawi\u0119 si\u0119 z dzie\u0107mi?<\/em><br \/><em>Sam uwa\u017cam, \u017ce jest troch\u0119 nudny<\/em><br \/><em>Teraz nagle jest ich znacznie mniej<\/em><br \/><em>I czy odczuwam t\u0119 niedogodno\u015b\u0107?<\/em><br \/><em>Widzisz to, kiedy do ciebie macham?<\/em><\/p>\r\n<p><em>Gdzie id\u0119 lub stoj\u0119<\/em><br \/><em>Gdzie chodz\u0119 lub gram<\/em><br \/><em>Czy ty te\u017c za mn\u0105 t\u0119sknisz? Bardzo za tob\u0105 t\u0119skni\u0119<\/em><br \/><em>To, co koloruj\u0119 lub buduj\u0119, tworz\u0119 r\u00f3wnie\u017c dla Ciebie<\/em><br \/><em>Chc\u0119 by\u0107 z tob\u0105<\/em><\/p>\r\n<p><em>Na szcz\u0119\u015bcie dom jest r\u00f3wnie\u017c bardzo \u0142adny<\/em><br \/><em>Wiem<\/em><br \/><em>Dosta\u0142e\u015b m\u00f3j list?<\/em><br \/><em>\"Uwa\u017cam, \u017ce jeste\u015b taki s\u0142odki<\/em><br \/><em>Ze zdj\u0119ciami i filmem na stronie zostan\u0119 z wami<\/em><br \/><em>Tak bardzo blisko<\/em><br \/><em>Jeszcze troch\u0119 i pewnie zn\u00f3w b\u0119dziesz si\u0119 ze mn\u0105 bawi\u0142<\/em><\/p>\r\n<p><em>To jest co\u015b, tutaj sam w przedszkolu<\/em><br \/><em>Jest sam tylko w przedszkolu<\/em><br \/><em>Nigdy nie widzia\u0142em, \u017ceby by\u0142o tu tak cicho<\/em><br \/><em>Naprawd\u0119, wszyscy w schronisku<\/em><br \/><em>T\u0119skni te\u017c za tob\u0105 w przedszkolu<\/em><br \/><em>R\u00f3\u017cd\u017cka, kt\u00f3r\u0105 ko\u0142ysz\u0119<\/em><\/p>\r\n<p><em>Przywo\u0142uj\u0119 ci\u0119 tutaj i gramy szybko.<\/em><br \/><em>Zanim ktokolwiek powie twojej mamie<\/em><br \/><em>Czy mo\u017cemy by\u0107 razem?<\/em><br \/><em>To si\u0119 teraz liczy<\/em><br \/><em>To moje najwi\u0119ksze \u017cyczenie<\/em><\/p>\r\n<p><em>Na szcz\u0119\u015bcie dom jest r\u00f3wnie\u017c bardzo \u0142adny<\/em><br \/><em>Wiem<\/em><br \/><em>Dosta\u0142e\u015b m\u00f3j list?<\/em><br \/><em>\"Uwa\u017cam, \u017ce jeste\u015b taki s\u0142odki<\/em><br \/><em>Ze zdj\u0119ciami i filmem na stronie zostan\u0119 z wami<\/em><br \/><em>Tak bardzo blisko<\/em><br \/><em>Jeszcze troch\u0119 i pewnie zn\u00f3w b\u0119dziesz si\u0119 ze mn\u0105 bawi\u0142<\/em><\/p>\r\n<p><em>Wi\u0119c gram tu sam jeszcze przez chwil\u0119<\/em><br \/><em>To powinno po prostu<\/em><br \/><em>\"Bawi\u0119 si\u0119 poci\u0105giem<\/em><br \/><em>Podoba mi si\u0119 to<\/em><br \/><em>A ksi\u0105\u017ceczkami, kredkami i farbami si\u0119 bawi\u0119<\/em><br \/><em>I prawdopodobnie wkr\u00f3tce<\/em><br \/><em>Zagram to jeszcze raz, ale z tob\u0105<\/em><\/p>\r\n<\/blockquote>","protected":false},"excerpt":{"rendered":"<p>Puk t\u0119skni za przyjaci\u00f3\u0142mi, z kt\u00f3rymi m\u00f3g\u0142by si\u0119 bawi\u0107. W przedszkolu jest teraz bardzo cicho, ale on du\u017co o was my\u015bli. S\u0142uchasz jego piosenki? Odk\u0105d pami\u0119tam, bawi\u0119 si\u0119 z dzie\u0107miSamotno\u015b\u0107 troch\u0119 mnie nudziTeraz nagle jest ich o wiele mniejI...<\/p>","protected":false},"author":1,"featured_media":11309,"comment_status":"closed","ping_status":"closed","sticky":false,"template":"","format":"standard","meta":{"footnotes":""},"categories":[125],"tags":[],"class_list":["post-11306","post","type-post","status-publish","format-standard","has-post-thumbnail","hentry","category-nieuws"],"yoast_head":"<!-- This site is optimized with the Yoast SEO plugin v27.4 - https:\/\/yoast.com\/product\/yoast-seo-wordpress\/ -->\n<title>Tessa &amp; Puk \u2013 Ik wil bij jou zijn - Kinderopvang Little People<\/title>\n<meta name=\"robots\" content=\"index, follow, max-snippet:-1, max-image-preview:large, max-video-preview:-1\" \/>\n<link rel=\"canonical\" href=\"https:\/\/www.kinderopvanglittlepeople.nl\/pl\/tessa-puk-ik-wil-bij-jou-zijn\/\" \/>\n<meta property=\"og:locale\" content=\"pl_PL\" \/>\n<meta property=\"og:type\" content=\"article\" \/>\n<meta property=\"og:title\" content=\"Tessa &amp; Puk \u2013 Ik wil bij jou zijn - Kinderopvang Little People\" \/>\n<meta property=\"og:description\" content=\"Puk mist zijn vriendjes en vriendinnetjes om mee te spelen. Het is erg rustig nu op de opvang, maar hij denkt wel heel veel aan jullie. Luisteren jullie naar zijn liedje? Zolang als ik mij ook maar kan herinnerenSpeel ik al met de kinderenAlleen vind ik een beetje saaiNu zijn ze er ineens veel minderEn&hellip;\" \/>\n<meta property=\"og:url\" content=\"https:\/\/www.kinderopvanglittlepeople.nl\/pl\/tessa-puk-ik-wil-bij-jou-zijn\/\" \/>\n<meta property=\"og:site_name\" content=\"Kinderopvang Little People\" \/>\n<meta property=\"article:publisher\" content=\"https:\/\/www.facebook.com\/KinderopvangLittlePeople\" \/>\n<meta property=\"article:published_time\" content=\"2022-01-25T12:33:09+00:00\" \/>\n<meta property=\"article:modified_time\" content=\"2022-09-26T12:12:37+00:00\" \/>\n<meta property=\"og:image\" content=\"https:\/\/www.kinderopvanglittlepeople.nl\/wp-content\/uploads\/whatsapp-image-2020-04-09-at-16.55.22-225x300-1.jpeg\" \/>\n\t<meta property=\"og:image:width\" content=\"225\" \/>\n\t<meta property=\"og:image:height\" content=\"300\" \/>\n\t<meta property=\"og:image:type\" content=\"image\/jpeg\" \/>\n<meta name=\"author\" content=\"bestpoint\" \/>\n<meta name=\"twitter:label1\" content=\"Napisane przez\" \/>\n\t<meta name=\"twitter:data1\" content=\"bestpoint\" \/>\n\t<meta name=\"twitter:label2\" content=\"Szacowany czas czytania\" \/>\n\t<meta name=\"twitter:data2\" content=\"1 minuta\" \/>\n<script type=\"application\/ld+json\" class=\"yoast-schema-graph\">{\"@context\":\"https:\\\/\\\/schema.org\",\"@graph\":[{\"@type\":\"Article\",\"@id\":\"https:\\\/\\\/www.kinderopvanglittlepeople.nl\\\/tessa-puk-ik-wil-bij-jou-zijn\\\/#article\",\"isPartOf\":{\"@id\":\"https:\\\/\\\/www.kinderopvanglittlepeople.nl\\\/tessa-puk-ik-wil-bij-jou-zijn\\\/\"},\"author\":{\"name\":\"bestpoint\",\"@id\":\"https:\\\/\\\/www.kinderopvanglittlepeople.nl\\\/#\\\/schema\\\/person\\\/0e23c3644f370846a9c05da1cef7ce68\"},\"headline\":\"Tessa &#038; Puk \u2013 Ik wil bij jou zijn\",\"datePublished\":\"2022-01-25T12:33:09+00:00\",\"dateModified\":\"2022-09-26T12:12:37+00:00\",\"mainEntityOfPage\":{\"@id\":\"https:\\\/\\\/www.kinderopvanglittlepeople.nl\\\/tessa-puk-ik-wil-bij-jou-zijn\\\/\"},\"wordCount\":315,\"publisher\":{\"@id\":\"https:\\\/\\\/www.kinderopvanglittlepeople.nl\\\/#organization\"},\"image\":{\"@id\":\"https:\\\/\\\/www.kinderopvanglittlepeople.nl\\\/tessa-puk-ik-wil-bij-jou-zijn\\\/#primaryimage\"},\"thumbnailUrl\":\"https:\\\/\\\/www.kinderopvanglittlepeople.nl\\\/wp-content\\\/uploads\\\/whatsapp-image-2020-04-09-at-16.55.22-225x300-1.jpeg\",\"articleSection\":[\"Nieuws\"],\"inLanguage\":\"pl-PL\"},{\"@type\":\"WebPage\",\"@id\":\"https:\\\/\\\/www.kinderopvanglittlepeople.nl\\\/tessa-puk-ik-wil-bij-jou-zijn\\\/\",\"url\":\"https:\\\/\\\/www.kinderopvanglittlepeople.nl\\\/tessa-puk-ik-wil-bij-jou-zijn\\\/\",\"name\":\"Tessa & Puk \u2013 Ik wil bij jou zijn - Kinderopvang Little People\",\"isPartOf\":{\"@id\":\"https:\\\/\\\/www.kinderopvanglittlepeople.nl\\\/#website\"},\"primaryImageOfPage\":{\"@id\":\"https:\\\/\\\/www.kinderopvanglittlepeople.nl\\\/tessa-puk-ik-wil-bij-jou-zijn\\\/#primaryimage\"},\"image\":{\"@id\":\"https:\\\/\\\/www.kinderopvanglittlepeople.nl\\\/tessa-puk-ik-wil-bij-jou-zijn\\\/#primaryimage\"},\"thumbnailUrl\":\"https:\\\/\\\/www.kinderopvanglittlepeople.nl\\\/wp-content\\\/uploads\\\/whatsapp-image-2020-04-09-at-16.55.22-225x300-1.jpeg\",\"datePublished\":\"2022-01-25T12:33:09+00:00\",\"dateModified\":\"2022-09-26T12:12:37+00:00\",\"breadcrumb\":{\"@id\":\"https:\\\/\\\/www.kinderopvanglittlepeople.nl\\\/tessa-puk-ik-wil-bij-jou-zijn\\\/#breadcrumb\"},\"inLanguage\":\"pl-PL\",\"potentialAction\":[{\"@type\":\"ReadAction\",\"target\":[\"https:\\\/\\\/www.kinderopvanglittlepeople.nl\\\/tessa-puk-ik-wil-bij-jou-zijn\\\/\"]}]},{\"@type\":\"ImageObject\",\"inLanguage\":\"pl-PL\",\"@id\":\"https:\\\/\\\/www.kinderopvanglittlepeople.nl\\\/tessa-puk-ik-wil-bij-jou-zijn\\\/#primaryimage\",\"url\":\"https:\\\/\\\/www.kinderopvanglittlepeople.nl\\\/wp-content\\\/uploads\\\/whatsapp-image-2020-04-09-at-16.55.22-225x300-1.jpeg\",\"contentUrl\":\"https:\\\/\\\/www.kinderopvanglittlepeople.nl\\\/wp-content\\\/uploads\\\/whatsapp-image-2020-04-09-at-16.55.22-225x300-1.jpeg\",\"width\":225,\"height\":300},{\"@type\":\"BreadcrumbList\",\"@id\":\"https:\\\/\\\/www.kinderopvanglittlepeople.nl\\\/tessa-puk-ik-wil-bij-jou-zijn\\\/#breadcrumb\",\"itemListElement\":[{\"@type\":\"ListItem\",\"position\":1,\"name\":\"Home\",\"item\":\"https:\\\/\\\/www.kinderopvanglittlepeople.nl\\\/\"},{\"@type\":\"ListItem\",\"position\":2,\"name\":\"Tessa &#038; Puk \u2013 Ik wil bij jou zijn\"}]},{\"@type\":\"WebSite\",\"@id\":\"https:\\\/\\\/www.kinderopvanglittlepeople.nl\\\/#website\",\"url\":\"https:\\\/\\\/www.kinderopvanglittlepeople.nl\\\/\",\"name\":\"Kinderopvang Little People\",\"description\":\"Een huiselijke sfeer, kleinschalig en v\u00e9\u00e9l persoonlijke aandacht voor ieder kind.\",\"publisher\":{\"@id\":\"https:\\\/\\\/www.kinderopvanglittlepeople.nl\\\/#organization\"},\"alternateName\":\"Een huiselijke sfeer, kleinschalig en v\u00e9\u00e9l persoonlijke aandacht voor ieder kind.\",\"potentialAction\":[{\"@type\":\"SearchAction\",\"target\":{\"@type\":\"EntryPoint\",\"urlTemplate\":\"https:\\\/\\\/www.kinderopvanglittlepeople.nl\\\/?s={search_term_string}\"},\"query-input\":{\"@type\":\"PropertyValueSpecification\",\"valueRequired\":true,\"valueName\":\"search_term_string\"}}],\"inLanguage\":\"pl-PL\"},{\"@type\":\"Organization\",\"@id\":\"https:\\\/\\\/www.kinderopvanglittlepeople.nl\\\/#organization\",\"name\":\"Kinderopvang Little People\",\"alternateName\":\"Een huiselijke sfeer, kleinschalig en v\u00e9\u00e9l persoonlijke aandacht voor ieder kind.\",\"url\":\"https:\\\/\\\/www.kinderopvanglittlepeople.nl\\\/\",\"logo\":{\"@type\":\"ImageObject\",\"inLanguage\":\"pl-PL\",\"@id\":\"https:\\\/\\\/www.kinderopvanglittlepeople.nl\\\/#\\\/schema\\\/logo\\\/image\\\/\",\"url\":\"https:\\\/\\\/www.kinderopvanglittlepeople.nl\\\/wp-content\\\/uploads\\\/logo-klp.svg\",\"contentUrl\":\"https:\\\/\\\/www.kinderopvanglittlepeople.nl\\\/wp-content\\\/uploads\\\/logo-klp.svg\",\"width\":1,\"height\":1,\"caption\":\"Kinderopvang Little People\"},\"image\":{\"@id\":\"https:\\\/\\\/www.kinderopvanglittlepeople.nl\\\/#\\\/schema\\\/logo\\\/image\\\/\"},\"sameAs\":[\"https:\\\/\\\/www.facebook.com\\\/KinderopvangLittlePeople\"]},{\"@type\":\"Person\",\"@id\":\"https:\\\/\\\/www.kinderopvanglittlepeople.nl\\\/#\\\/schema\\\/person\\\/0e23c3644f370846a9c05da1cef7ce68\",\"name\":\"bestpoint\"}]}<\/script>\n<!-- \/ Yoast SEO plugin. -->","yoast_head_json":{"title":"Tessa & Puk \u2013 Ik wil bij jou zijn - Kinderopvang Little People","robots":{"index":"index","follow":"follow","max-snippet":"max-snippet:-1","max-image-preview":"max-image-preview:large","max-video-preview":"max-video-preview:-1"},"canonical":"https:\/\/www.kinderopvanglittlepeople.nl\/pl\/tessa-puk-ik-wil-bij-jou-zijn\/","og_locale":"pl_PL","og_type":"article","og_title":"Tessa & Puk \u2013 Ik wil bij jou zijn - Kinderopvang Little People","og_description":"Puk mist zijn vriendjes en vriendinnetjes om mee te spelen. Het is erg rustig nu op de opvang, maar hij denkt wel heel veel aan jullie. Luisteren jullie naar zijn liedje? Zolang als ik mij ook maar kan herinnerenSpeel ik al met de kinderenAlleen vind ik een beetje saaiNu zijn ze er ineens veel minderEn&hellip;","og_url":"https:\/\/www.kinderopvanglittlepeople.nl\/pl\/tessa-puk-ik-wil-bij-jou-zijn\/","og_site_name":"Kinderopvang Little People","article_publisher":"https:\/\/www.facebook.com\/KinderopvangLittlePeople","article_published_time":"2022-01-25T12:33:09+00:00","article_modified_time":"2022-09-26T12:12:37+00:00","og_image":[{"width":225,"height":300,"url":"https:\/\/www.kinderopvanglittlepeople.nl\/wp-content\/uploads\/whatsapp-image-2020-04-09-at-16.55.22-225x300-1.jpeg","type":"image\/jpeg"}],"author":"bestpoint","twitter_misc":{"Napisane przez":"bestpoint","Szacowany czas czytania":"1 minuta"},"schema":{"@context":"https:\/\/schema.org","@graph":[{"@type":"Article","@id":"https:\/\/www.kinderopvanglittlepeople.nl\/tessa-puk-ik-wil-bij-jou-zijn\/#article","isPartOf":{"@id":"https:\/\/www.kinderopvanglittlepeople.nl\/tessa-puk-ik-wil-bij-jou-zijn\/"},"author":{"name":"bestpoint","@id":"https:\/\/www.kinderopvanglittlepeople.nl\/#\/schema\/person\/0e23c3644f370846a9c05da1cef7ce68"},"headline":"Tessa &#038; Puk \u2013 Ik wil bij jou zijn","datePublished":"2022-01-25T12:33:09+00:00","dateModified":"2022-09-26T12:12:37+00:00","mainEntityOfPage":{"@id":"https:\/\/www.kinderopvanglittlepeople.nl\/tessa-puk-ik-wil-bij-jou-zijn\/"},"wordCount":315,"publisher":{"@id":"https:\/\/www.kinderopvanglittlepeople.nl\/#organization"},"image":{"@id":"https:\/\/www.kinderopvanglittlepeople.nl\/tessa-puk-ik-wil-bij-jou-zijn\/#primaryimage"},"thumbnailUrl":"https:\/\/www.kinderopvanglittlepeople.nl\/wp-content\/uploads\/whatsapp-image-2020-04-09-at-16.55.22-225x300-1.jpeg","articleSection":["Nieuws"],"inLanguage":"pl-PL"},{"@type":"WebPage","@id":"https:\/\/www.kinderopvanglittlepeople.nl\/tessa-puk-ik-wil-bij-jou-zijn\/","url":"https:\/\/www.kinderopvanglittlepeople.nl\/tessa-puk-ik-wil-bij-jou-zijn\/","name":"Tessa & Puk \u2013 Ik wil bij jou zijn - Kinderopvang Little People","isPartOf":{"@id":"https:\/\/www.kinderopvanglittlepeople.nl\/#website"},"primaryImageOfPage":{"@id":"https:\/\/www.kinderopvanglittlepeople.nl\/tessa-puk-ik-wil-bij-jou-zijn\/#primaryimage"},"image":{"@id":"https:\/\/www.kinderopvanglittlepeople.nl\/tessa-puk-ik-wil-bij-jou-zijn\/#primaryimage"},"thumbnailUrl":"https:\/\/www.kinderopvanglittlepeople.nl\/wp-content\/uploads\/whatsapp-image-2020-04-09-at-16.55.22-225x300-1.jpeg","datePublished":"2022-01-25T12:33:09+00:00","dateModified":"2022-09-26T12:12:37+00:00","breadcrumb":{"@id":"https:\/\/www.kinderopvanglittlepeople.nl\/tessa-puk-ik-wil-bij-jou-zijn\/#breadcrumb"},"inLanguage":"pl-PL","potentialAction":[{"@type":"ReadAction","target":["https:\/\/www.kinderopvanglittlepeople.nl\/tessa-puk-ik-wil-bij-jou-zijn\/"]}]},{"@type":"ImageObject","inLanguage":"pl-PL","@id":"https:\/\/www.kinderopvanglittlepeople.nl\/tessa-puk-ik-wil-bij-jou-zijn\/#primaryimage","url":"https:\/\/www.kinderopvanglittlepeople.nl\/wp-content\/uploads\/whatsapp-image-2020-04-09-at-16.55.22-225x300-1.jpeg","contentUrl":"https:\/\/www.kinderopvanglittlepeople.nl\/wp-content\/uploads\/whatsapp-image-2020-04-09-at-16.55.22-225x300-1.jpeg","width":225,"height":300},{"@type":"BreadcrumbList","@id":"https:\/\/www.kinderopvanglittlepeople.nl\/tessa-puk-ik-wil-bij-jou-zijn\/#breadcrumb","itemListElement":[{"@type":"ListItem","position":1,"name":"Home","item":"https:\/\/www.kinderopvanglittlepeople.nl\/"},{"@type":"ListItem","position":2,"name":"Tessa &#038; Puk \u2013 Ik wil bij jou zijn"}]},{"@type":"WebSite","@id":"https:\/\/www.kinderopvanglittlepeople.nl\/#website","url":"https:\/\/www.kinderopvanglittlepeople.nl\/","name":"Opieka nad dzie\u0107mi Little People","description":"Domowa atmosfera, ma\u0142a skala i du\u017co osobistej uwagi dla ka\u017cdego dziecka.","publisher":{"@id":"https:\/\/www.kinderopvanglittlepeople.nl\/#organization"},"alternateName":"Een huiselijke sfeer, kleinschalig en v\u00e9\u00e9l persoonlijke aandacht voor ieder kind.","potentialAction":[{"@type":"SearchAction","target":{"@type":"EntryPoint","urlTemplate":"https:\/\/www.kinderopvanglittlepeople.nl\/?s={search_term_string}"},"query-input":{"@type":"PropertyValueSpecification","valueRequired":true,"valueName":"search_term_string"}}],"inLanguage":"pl-PL"},{"@type":"Organization","@id":"https:\/\/www.kinderopvanglittlepeople.nl\/#organization","name":"Opieka nad dzie\u0107mi Little People","alternateName":"Een huiselijke sfeer, kleinschalig en v\u00e9\u00e9l persoonlijke aandacht voor ieder kind.","url":"https:\/\/www.kinderopvanglittlepeople.nl\/","logo":{"@type":"ImageObject","inLanguage":"pl-PL","@id":"https:\/\/www.kinderopvanglittlepeople.nl\/#\/schema\/logo\/image\/","url":"https:\/\/www.kinderopvanglittlepeople.nl\/wp-content\/uploads\/logo-klp.svg","contentUrl":"https:\/\/www.kinderopvanglittlepeople.nl\/wp-content\/uploads\/logo-klp.svg","width":1,"height":1,"caption":"Kinderopvang Little People"},"image":{"@id":"https:\/\/www.kinderopvanglittlepeople.nl\/#\/schema\/logo\/image\/"},"sameAs":["https:\/\/www.facebook.com\/KinderopvangLittlePeople"]},{"@type":"Person","@id":"https:\/\/www.kinderopvanglittlepeople.nl\/#\/schema\/person\/0e23c3644f370846a9c05da1cef7ce68","name":"bestpoint"}]}},"_links":{"self":[{"href":"https:\/\/www.kinderopvanglittlepeople.nl\/pl\/wp-json\/wp\/v2\/posts\/11306","targetHints":{"allow":["GET"]}}],"collection":[{"href":"https:\/\/www.kinderopvanglittlepeople.nl\/pl\/wp-json\/wp\/v2\/posts"}],"about":[{"href":"https:\/\/www.kinderopvanglittlepeople.nl\/pl\/wp-json\/wp\/v2\/types\/post"}],"author":[{"embeddable":true,"href":"https:\/\/www.kinderopvanglittlepeople.nl\/pl\/wp-json\/wp\/v2\/users\/1"}],"replies":[{"embeddable":true,"href":"https:\/\/www.kinderopvanglittlepeople.nl\/pl\/wp-json\/wp\/v2\/comments?post=11306"}],"version-history":[{"count":0,"href":"https:\/\/www.kinderopvanglittlepeople.nl\/pl\/wp-json\/wp\/v2\/posts\/11306\/revisions"}],"wp:featuredmedia":[{"embeddable":true,"href":"https:\/\/www.kinderopvanglittlepeople.nl\/pl\/wp-json\/wp\/v2\/media\/11309"}],"wp:attachment":[{"href":"https:\/\/www.kinderopvanglittlepeople.nl\/pl\/wp-json\/wp\/v2\/media?parent=11306"}],"wp:term":[{"taxonomy":"category","embeddable":true,"href":"https:\/\/www.kinderopvanglittlepeople.nl\/pl\/wp-json\/wp\/v2\/categories?post=11306"},{"taxonomy":"post_tag","embeddable":true,"href":"https:\/\/www.kinderopvanglittlepeople.nl\/pl\/wp-json\/wp\/v2\/tags?post=11306"}],"curies":[{"name":"wp","href":"https:\/\/api.w.org\/{rel}","templated":true}]}}